{"id":3367,"date":"2017-02-08T07:00:43","date_gmt":"2017-02-08T06:00:43","guid":{"rendered":"http:\/\/www.frasincucina.it\/?p=3367"},"modified":"2017-02-08T07:00:43","modified_gmt":"2017-02-08T06:00:43","slug":"pasta-speck-e-zucchine","status":"publish","type":"post","link":"https:\/\/new.frasincucina.it\/?p=3367","title":{"rendered":"Pasta speck e zucchine"},"content":{"rendered":"<p><a href=\"http:\/\/new.frasincucina.it\/wp-content\/uploads\/2017\/01\/pasta-speck-e-zucchine.jpg\"><img loading=\"lazy\" decoding=\"async\" class=\"alignnone size-medium wp-image-3353\" src=\"http:\/\/new.frasincucina.it\/wp-content\/uploads\/2017\/01\/pasta-speck-e-zucchine-300x169.jpg\" alt=\"Pasta speck e zucchine\" width=\"300\" height=\"169\" srcset=\"https:\/\/new.frasincucina.it\/wp-content\/uploads\/2017\/01\/pasta-speck-e-zucchine-300x169.jpg 300w, https:\/\/new.frasincucina.it\/wp-content\/uploads\/2017\/01\/pasta-speck-e-zucchine-1024x577.jpg 1024w, https:\/\/new.frasincucina.it\/wp-content\/uploads\/2017\/01\/pasta-speck-e-zucchine-768x433.jpg 768w, https:\/\/new.frasincucina.it\/wp-content\/uploads\/2017\/01\/pasta-speck-e-zucchine-1536x866.jpg 1536w, https:\/\/new.frasincucina.it\/wp-content\/uploads\/2017\/01\/pasta-speck-e-zucchine.jpg 1920w\" sizes=\"auto, (max-width: 300px) 100vw, 300px\" \/><\/a><!--more--><\/p>\n<h5>La pasta speck e zucchine \u00e8 un primo piatto molto saporito che noi di FraSi in cucina ci portiamo anche in ufficio per il pranzo al lavoro. Una ricetta semplice che si prepara in pochi minuti, ma molto gustosa.<\/h5>\n<h5><strong>Ingredienti per 2 persone<\/strong><\/h5>\n<h5>200 g di pasta<br \/>\n100 g di speck<br \/>\n1 zucchina (2 se sono piccole)<br \/>\n1 cucchiaio di panna<br \/>\nolio evo<\/h5>\n<h5>Portate a bollore un tegame di acqua, salatela e buttate la pasta. Noi abbiamo usato delle mezze penne.<\/h5>\n<p><a href=\"http:\/\/new.frasincucina.it\/wp-content\/uploads\/2017\/01\/pasta-speck-e-zucchine_pasta.jpg\"><img loading=\"lazy\" decoding=\"async\" class=\"size-medium wp-image-3355 aligncenter\" src=\"http:\/\/new.frasincucina.it\/wp-content\/uploads\/2017\/01\/pasta-speck-e-zucchine_pasta-300x169.jpg\" alt=\"Pasta speck e zucchine_pasta\" width=\"300\" height=\"169\" srcset=\"https:\/\/new.frasincucina.it\/wp-content\/uploads\/2017\/01\/pasta-speck-e-zucchine_pasta-300x169.jpg 300w, https:\/\/new.frasincucina.it\/wp-content\/uploads\/2017\/01\/pasta-speck-e-zucchine_pasta-1024x577.jpg 1024w, https:\/\/new.frasincucina.it\/wp-content\/uploads\/2017\/01\/pasta-speck-e-zucchine_pasta-768x433.jpg 768w, https:\/\/new.frasincucina.it\/wp-content\/uploads\/2017\/01\/pasta-speck-e-zucchine_pasta-1536x866.jpg 1536w, https:\/\/new.frasincucina.it\/wp-content\/uploads\/2017\/01\/pasta-speck-e-zucchine_pasta.jpg 1920w\" sizes=\"auto, (max-width: 300px) 100vw, 300px\" \/><\/a><\/p>\n<h5>Nel frattempo, tagliate una zucchina (o 2 se sono piccole) a dadini piuttosto piccoli. Mettete un filo d&#8217;olio evo in una padella e mettete a cuocere i dadini di zucchina.<\/h5>\n<p><a href=\"http:\/\/new.frasincucina.it\/wp-content\/uploads\/2017\/01\/pasta-speck-e-zucchine_zucchine.jpg\"><img loading=\"lazy\" decoding=\"async\" class=\"size-medium wp-image-3357 aligncenter\" src=\"http:\/\/new.frasincucina.it\/wp-content\/uploads\/2017\/01\/pasta-speck-e-zucchine_zucchine-300x169.jpg\" alt=\"Pasta speck e zucchine_zucchine\" width=\"300\" height=\"169\" srcset=\"https:\/\/new.frasincucina.it\/wp-content\/uploads\/2017\/01\/pasta-speck-e-zucchine_zucchine-300x169.jpg 300w, https:\/\/new.frasincucina.it\/wp-content\/uploads\/2017\/01\/pasta-speck-e-zucchine_zucchine-1024x577.jpg 1024w, https:\/\/new.frasincucina.it\/wp-content\/uploads\/2017\/01\/pasta-speck-e-zucchine_zucchine-768x433.jpg 768w, https:\/\/new.frasincucina.it\/wp-content\/uploads\/2017\/01\/pasta-speck-e-zucchine_zucchine-1536x866.jpg 1536w, https:\/\/new.frasincucina.it\/wp-content\/uploads\/2017\/01\/pasta-speck-e-zucchine_zucchine.jpg 1920w\" sizes=\"auto, (max-width: 300px) 100vw, 300px\" \/><\/a><\/p>\n<h5>Fate cuocere per 7\/8 minuti circa. Pi\u00f9 i dadini sono piccoli, meno tempo ci vorr\u00e0 per cuocerli.<br \/>\nTagliate a listarelle lo speck e aggiungetelo alla zucchina in padella. Saltate il tutto poi aggiungete un cucchiaio di panna.<\/h5>\n<p><a href=\"http:\/\/new.frasincucina.it\/wp-content\/uploads\/2017\/01\/pasta-speck-e-zucchine_preparazione.jpg\"><img loading=\"lazy\" decoding=\"async\" class=\"size-medium wp-image-3356 aligncenter\" src=\"http:\/\/new.frasincucina.it\/wp-content\/uploads\/2017\/01\/pasta-speck-e-zucchine_preparazione-300x169.jpg\" alt=\"Pasta speck e zucchine_condimento\" width=\"300\" height=\"169\" srcset=\"https:\/\/new.frasincucina.it\/wp-content\/uploads\/2017\/01\/pasta-speck-e-zucchine_preparazione-300x169.jpg 300w, https:\/\/new.frasincucina.it\/wp-content\/uploads\/2017\/01\/pasta-speck-e-zucchine_preparazione-1024x577.jpg 1024w, https:\/\/new.frasincucina.it\/wp-content\/uploads\/2017\/01\/pasta-speck-e-zucchine_preparazione-768x433.jpg 768w, https:\/\/new.frasincucina.it\/wp-content\/uploads\/2017\/01\/pasta-speck-e-zucchine_preparazione-1536x866.jpg 1536w, https:\/\/new.frasincucina.it\/wp-content\/uploads\/2017\/01\/pasta-speck-e-zucchine_preparazione.jpg 1920w\" sizes=\"auto, (max-width: 300px) 100vw, 300px\" \/><\/a><\/p>\n<h5>Non abbiamo aggiunto n\u00e9 sale n\u00e9 pepe al condimento per via dello speck che \u00e8 gi\u00e0 salato e saporito a sufficienza. Quando la pasta sar\u00e0 cotta, scolatela in padella nel condimento.<\/h5>\n<p><a href=\"http:\/\/new.frasincucina.it\/wp-content\/uploads\/2017\/01\/pasta-speck-e-zucchine_condimento.jpg\"><img loading=\"lazy\" decoding=\"async\" class=\"size-medium wp-image-3354 aligncenter\" src=\"http:\/\/new.frasincucina.it\/wp-content\/uploads\/2017\/01\/pasta-speck-e-zucchine_condimento-300x169.jpg\" alt=\"Pasta speck e zucchine_preparazione\" width=\"300\" height=\"169\" srcset=\"https:\/\/new.frasincucina.it\/wp-content\/uploads\/2017\/01\/pasta-speck-e-zucchine_condimento-300x169.jpg 300w, https:\/\/new.frasincucina.it\/wp-content\/uploads\/2017\/01\/pasta-speck-e-zucchine_condimento-1024x577.jpg 1024w, https:\/\/new.frasincucina.it\/wp-content\/uploads\/2017\/01\/pasta-speck-e-zucchine_condimento-768x433.jpg 768w, https:\/\/new.frasincucina.it\/wp-content\/uploads\/2017\/01\/pasta-speck-e-zucchine_condimento-1536x866.jpg 1536w, https:\/\/new.frasincucina.it\/wp-content\/uploads\/2017\/01\/pasta-speck-e-zucchine_condimento.jpg 1920w\" sizes=\"auto, (max-width: 300px) 100vw, 300px\" \/><\/a><\/p>\n<h5>Saltate la pasta in padella insieme alle zucchine e allo speck e il vostro pranzo \u00e8 pronto!<\/h5>\n<h5><a href=\"http:\/\/www.frasincucina.it\">Torna alla Home<\/a><br \/>\n<a href=\"http:\/\/www.frasincucina.it\/category\/ricette\/pranzo-a-lavoro\/\">Vedi altro in Pranzo al lavoro<\/a><br \/>\n<a href=\"http:\/\/www.frasincucina.it\/category\/ricette\/primi\/\">Vedi altri Primi<\/a><br \/>\n<a href=\"http:\/\/www.frasincucina.it\/category\/ricette\/\">Vedi tutte le Ricette<\/a><\/h5>\n","protected":false},"excerpt":{"rendered":"","protected":false},"author":1,"featured_media":3353,"comment_status":"closed","ping_status":"open","sticky":true,"template":"","format":"standard","meta":{"footnotes":""},"categories":[14,15,5],"tags":[],"class_list":["post-3367","post","type-post","status-publish","format-standard","has-post-thumbnail","hentry","category-pranzo-a-lavoro","category-primi","category-ricette"],"_links":{"self":[{"href":"https:\/\/new.frasincucina.it\/index.php?rest_route=\/wp\/v2\/posts\/3367","targetHints":{"allow":["GET"]}}],"collection":[{"href":"https:\/\/new.frasincucina.it\/index.php?rest_route=\/wp\/v2\/posts"}],"about":[{"href":"https:\/\/new.frasincucina.it\/index.php?rest_route=\/wp\/v2\/types\/post"}],"author":[{"embeddable":true,"href":"https:\/\/new.frasincucina.it\/index.php?rest_route=\/wp\/v2\/users\/1"}],"replies":[{"embeddable":true,"href":"https:\/\/new.frasincucina.it\/index.php?rest_route=%2Fwp%2Fv2%2Fcomments&post=3367"}],"version-history":[{"count":0,"href":"https:\/\/new.frasincucina.it\/index.php?rest_route=\/wp\/v2\/posts\/3367\/revisions"}],"wp:featuredmedia":[{"embeddable":true,"href":"https:\/\/new.frasincucina.it\/index.php?rest_route=\/wp\/v2\/media\/3353"}],"wp:attachment":[{"href":"https:\/\/new.frasincucina.it\/index.php?rest_route=%2Fwp%2Fv2%2Fmedia&parent=3367"}],"wp:term":[{"taxonomy":"category","embeddable":true,"href":"https:\/\/new.frasincucina.it\/index.php?rest_route=%2Fwp%2Fv2%2Fcategories&post=3367"},{"taxonomy":"post_tag","embeddable":true,"href":"https:\/\/new.frasincucina.it\/index.php?rest_route=%2Fwp%2Fv2%2Ftags&post=3367"}],"curies":[{"name":"wp","href":"https:\/\/api.w.org\/{rel}","templated":true}]}}